{"id":13933,"date":"2026-03-24T09:56:29","date_gmt":"2026-03-24T09:56:29","guid":{"rendered":"https:\/\/blog.adriatic.hr\/cesta-autem-po-chorvatsku-itinerar-po-zadaru-splitu-a-dubrovniku\/"},"modified":"2026-04-01T08:26:30","modified_gmt":"2026-04-01T08:26:30","slug":"cesta-autem-po-chorvatsku","status":"publish","type":"post","link":"https:\/\/blog.adriatic.hr\/cs\/cesta-autem-po-chorvatsku\/","title":{"rendered":"Cesta autem po Chorvatsku: itiner\u00e1\u0159 po Zadaru, Splitu a Dubrovn\u00edku"},"content":{"rendered":"","protected":false},"excerpt":{"rendered":"","protected":false},"author":18,"featured_media":13349,"comment_status":"open","ping_status":"open","sticky":false,"template":"","format":"standard","meta":{"footnotes":""},"categories":[22,78],"tags":[],"class_list":["post-13933","post","type-post","status-publish","format-standard","has-post-thumbnail","hentry","category-destinace","category-tipy-cs"],"_links":{"self":[{"href":"https:\/\/blog.adriatic.hr\/cs\/wp-json\/wp\/v2\/posts\/13933","targetHints":{"allow":["GET"]}}],"collection":[{"href":"https:\/\/blog.adriatic.hr\/cs\/wp-json\/wp\/v2\/posts"}],"about":[{"href":"https:\/\/blog.adriatic.hr\/cs\/wp-json\/wp\/v2\/types\/post"}],"author":[{"embeddable":true,"href":"https:\/\/blog.adriatic.hr\/cs\/wp-json\/wp\/v2\/users\/18"}],"replies":[{"embeddable":true,"href":"https:\/\/blog.adriatic.hr\/cs\/wp-json\/wp\/v2\/comments?post=13933"}],"version-history":[{"count":2,"href":"https:\/\/blog.adriatic.hr\/cs\/wp-json\/wp\/v2\/posts\/13933\/revisions"}],"predecessor-version":[{"id":15131,"href":"https:\/\/blog.adriatic.hr\/cs\/wp-json\/wp\/v2\/posts\/13933\/revisions\/15131"}],"wp:featuredmedia":[{"embeddable":true,"href":"https:\/\/blog.adriatic.hr\/cs\/wp-json\/wp\/v2\/media\/13349"}],"wp:attachment":[{"href":"https:\/\/blog.adriatic.hr\/cs\/wp-json\/wp\/v2\/media?parent=13933"}],"wp:term":[{"taxonomy":"category","embeddable":true,"href":"https:\/\/blog.adriatic.hr\/cs\/wp-json\/wp\/v2\/categories?post=13933"},{"taxonomy":"post_tag","embeddable":true,"href":"https:\/\/blog.adriatic.hr\/cs\/wp-json\/wp\/v2\/tags?post=13933"}],"curies":[{"name":"wp","href":"https:\/\/api.w.org\/{rel}","templated":true}]}}