{"id":5245,"date":"2025-03-25T08:45:30","date_gmt":"2025-03-25T08:45:30","guid":{"rendered":"https:\/\/blog.adriatic.hr\/4-mista-ktera-musite-navstivit-na-ostrove-brac\/"},"modified":"2025-11-07T07:15:39","modified_gmt":"2025-11-07T07:15:39","slug":"4-mista-ktera-musite-navstivit-na-ostrove-brac","status":"publish","type":"post","link":"https:\/\/blog.adriatic.hr\/cs\/4-mista-ktera-musite-navstivit-na-ostrove-brac\/","title":{"rendered":"4 m\u00edsta, kter\u00e1 mus\u00edte nav\u0161t\u00edvit na ostrov\u011b Bra\u010d"},"content":{"rendered":"","protected":false},"excerpt":{"rendered":"","protected":false},"author":5,"featured_media":5015,"comment_status":"open","ping_status":"open","sticky":false,"template":"","format":"standard","meta":{"footnotes":""},"categories":[22],"tags":[],"class_list":["post-5245","post","type-post","status-publish","format-standard","has-post-thumbnail","hentry","category-destinace"],"_links":{"self":[{"href":"https:\/\/blog.adriatic.hr\/cs\/wp-json\/wp\/v2\/posts\/5245","targetHints":{"allow":["GET"]}}],"collection":[{"href":"https:\/\/blog.adriatic.hr\/cs\/wp-json\/wp\/v2\/posts"}],"about":[{"href":"https:\/\/blog.adriatic.hr\/cs\/wp-json\/wp\/v2\/types\/post"}],"author":[{"embeddable":true,"href":"https:\/\/blog.adriatic.hr\/cs\/wp-json\/wp\/v2\/users\/5"}],"replies":[{"embeddable":true,"href":"https:\/\/blog.adriatic.hr\/cs\/wp-json\/wp\/v2\/comments?post=5245"}],"version-history":[{"count":1,"href":"https:\/\/blog.adriatic.hr\/cs\/wp-json\/wp\/v2\/posts\/5245\/revisions"}],"predecessor-version":[{"id":6609,"href":"https:\/\/blog.adriatic.hr\/cs\/wp-json\/wp\/v2\/posts\/5245\/revisions\/6609"}],"wp:featuredmedia":[{"embeddable":true,"href":"https:\/\/blog.adriatic.hr\/cs\/wp-json\/wp\/v2\/media\/5015"}],"wp:attachment":[{"href":"https:\/\/blog.adriatic.hr\/cs\/wp-json\/wp\/v2\/media?parent=5245"}],"wp:term":[{"taxonomy":"category","embeddable":true,"href":"https:\/\/blog.adriatic.hr\/cs\/wp-json\/wp\/v2\/categories?post=5245"},{"taxonomy":"post_tag","embeddable":true,"href":"https:\/\/blog.adriatic.hr\/cs\/wp-json\/wp\/v2\/tags?post=5245"}],"curies":[{"name":"wp","href":"https:\/\/api.w.org\/{rel}","templated":true}]}}