{"id":5251,"date":"2025-03-25T08:45:30","date_gmt":"2025-03-25T08:45:30","guid":{"rendered":"https:\/\/blog.adriatic.hr\/a-brac-sziget-4-helye-amit-feltetlenul-meg-kell-latogatni\/"},"modified":"2025-11-07T07:20:09","modified_gmt":"2025-11-07T07:20:09","slug":"a-brac-sziget-4-helye-amit-feltetlenul-meg-kell-latogatni","status":"publish","type":"post","link":"https:\/\/blog.adriatic.hr\/hu\/a-brac-sziget-4-helye-amit-feltetlenul-meg-kell-latogatni\/","title":{"rendered":"A Bra\u010d-sziget 4 helye, amit felt\u00e9tlen\u00fcl meg kell l\u00e1togatni."},"content":{"rendered":"","protected":false},"excerpt":{"rendered":"","protected":false},"author":5,"featured_media":5018,"comment_status":"open","ping_status":"open","sticky":false,"template":"","format":"standard","meta":{"footnotes":""},"categories":[21],"tags":[],"class_list":["post-5251","post","type-post","status-publish","format-standard","has-post-thumbnail","hentry","category-uti-celok"],"_links":{"self":[{"href":"https:\/\/blog.adriatic.hr\/hu\/wp-json\/wp\/v2\/posts\/5251","targetHints":{"allow":["GET"]}}],"collection":[{"href":"https:\/\/blog.adriatic.hr\/hu\/wp-json\/wp\/v2\/posts"}],"about":[{"href":"https:\/\/blog.adriatic.hr\/hu\/wp-json\/wp\/v2\/types\/post"}],"author":[{"embeddable":true,"href":"https:\/\/blog.adriatic.hr\/hu\/wp-json\/wp\/v2\/users\/5"}],"replies":[{"embeddable":true,"href":"https:\/\/blog.adriatic.hr\/hu\/wp-json\/wp\/v2\/comments?post=5251"}],"version-history":[{"count":1,"href":"https:\/\/blog.adriatic.hr\/hu\/wp-json\/wp\/v2\/posts\/5251\/revisions"}],"predecessor-version":[{"id":6612,"href":"https:\/\/blog.adriatic.hr\/hu\/wp-json\/wp\/v2\/posts\/5251\/revisions\/6612"}],"wp:featuredmedia":[{"embeddable":true,"href":"https:\/\/blog.adriatic.hr\/hu\/wp-json\/wp\/v2\/media\/5018"}],"wp:attachment":[{"href":"https:\/\/blog.adriatic.hr\/hu\/wp-json\/wp\/v2\/media?parent=5251"}],"wp:term":[{"taxonomy":"category","embeddable":true,"href":"https:\/\/blog.adriatic.hr\/hu\/wp-json\/wp\/v2\/categories?post=5251"},{"taxonomy":"post_tag","embeddable":true,"href":"https:\/\/blog.adriatic.hr\/hu\/wp-json\/wp\/v2\/tags?post=5251"}],"curies":[{"name":"wp","href":"https:\/\/api.w.org\/{rel}","templated":true}]}}