{"id":7132,"date":"2025-12-13T12:13:29","date_gmt":"2025-12-13T12:13:29","guid":{"rendered":"https:\/\/blog.adriatic.hr\/?p=7132"},"modified":"2025-12-13T12:13:32","modified_gmt":"2025-12-13T12:13:32","slug":"horvatorszag-legfontosabb-kulturalis-esemenyei-amelyeket-nem-szabad-kihagynia-i-resz","status":"publish","type":"post","link":"https:\/\/blog.adriatic.hr\/hu\/horvatorszag-legfontosabb-kulturalis-esemenyei-amelyeket-nem-szabad-kihagynia-i-resz\/","title":{"rendered":"Horv\u00e1torsz\u00e1g legfontosabb kultur\u00e1lis esem\u00e9nyei, amelyeket nem szabad kihagynia &#8211; I. r\u00e9sz"},"content":{"rendered":"","protected":false},"excerpt":{"rendered":"","protected":false},"author":5,"featured_media":9930,"comment_status":"open","ping_status":"open","sticky":false,"template":"","format":"standard","meta":{"footnotes":""},"categories":[21],"tags":[],"class_list":["post-7132","post","type-post","status-publish","format-standard","has-post-thumbnail","hentry","category-uti-celok"],"_links":{"self":[{"href":"https:\/\/blog.adriatic.hr\/hu\/wp-json\/wp\/v2\/posts\/7132","targetHints":{"allow":["GET"]}}],"collection":[{"href":"https:\/\/blog.adriatic.hr\/hu\/wp-json\/wp\/v2\/posts"}],"about":[{"href":"https:\/\/blog.adriatic.hr\/hu\/wp-json\/wp\/v2\/types\/post"}],"author":[{"embeddable":true,"href":"https:\/\/blog.adriatic.hr\/hu\/wp-json\/wp\/v2\/users\/5"}],"replies":[{"embeddable":true,"href":"https:\/\/blog.adriatic.hr\/hu\/wp-json\/wp\/v2\/comments?post=7132"}],"version-history":[{"count":1,"href":"https:\/\/blog.adriatic.hr\/hu\/wp-json\/wp\/v2\/posts\/7132\/revisions"}],"predecessor-version":[{"id":9584,"href":"https:\/\/blog.adriatic.hr\/hu\/wp-json\/wp\/v2\/posts\/7132\/revisions\/9584"}],"wp:featuredmedia":[{"embeddable":true,"href":"https:\/\/blog.adriatic.hr\/hu\/wp-json\/wp\/v2\/media\/9930"}],"wp:attachment":[{"href":"https:\/\/blog.adriatic.hr\/hu\/wp-json\/wp\/v2\/media?parent=7132"}],"wp:term":[{"taxonomy":"category","embeddable":true,"href":"https:\/\/blog.adriatic.hr\/hu\/wp-json\/wp\/v2\/categories?post=7132"},{"taxonomy":"post_tag","embeddable":true,"href":"https:\/\/blog.adriatic.hr\/hu\/wp-json\/wp\/v2\/tags?post=7132"}],"curies":[{"name":"wp","href":"https:\/\/api.w.org\/{rel}","templated":true}]}}