{"id":9306,"date":"2025-12-02T16:51:42","date_gmt":"2025-12-02T16:51:42","guid":{"rendered":"https:\/\/blog.adriatic.hr\/horvatorszag-gyogyfurdoi-teljes-koru-utmutato\/"},"modified":"2025-12-03T12:52:27","modified_gmt":"2025-12-03T12:52:27","slug":"horvatorszag-gyogyfurdoi-teljes-koru-utmutato","status":"publish","type":"post","link":"https:\/\/blog.adriatic.hr\/hu\/horvatorszag-gyogyfurdoi-teljes-koru-utmutato\/","title":{"rendered":"Horv\u00e1torsz\u00e1g gy\u00f3gyf\u00fcrd\u0151i: teljes k\u00f6r\u0171 \u00fatmutat\u00f3"},"content":{"rendered":"","protected":false},"excerpt":{"rendered":"","protected":false},"author":5,"featured_media":9236,"comment_status":"open","ping_status":"open","sticky":false,"template":"","format":"standard","meta":{"footnotes":""},"categories":[21],"tags":[],"class_list":["post-9306","post","type-post","status-publish","format-standard","has-post-thumbnail","hentry","category-uti-celok"],"_links":{"self":[{"href":"https:\/\/blog.adriatic.hr\/hu\/wp-json\/wp\/v2\/posts\/9306","targetHints":{"allow":["GET"]}}],"collection":[{"href":"https:\/\/blog.adriatic.hr\/hu\/wp-json\/wp\/v2\/posts"}],"about":[{"href":"https:\/\/blog.adriatic.hr\/hu\/wp-json\/wp\/v2\/types\/post"}],"author":[{"embeddable":true,"href":"https:\/\/blog.adriatic.hr\/hu\/wp-json\/wp\/v2\/users\/5"}],"replies":[{"embeddable":true,"href":"https:\/\/blog.adriatic.hr\/hu\/wp-json\/wp\/v2\/comments?post=9306"}],"version-history":[{"count":1,"href":"https:\/\/blog.adriatic.hr\/hu\/wp-json\/wp\/v2\/posts\/9306\/revisions"}],"predecessor-version":[{"id":9307,"href":"https:\/\/blog.adriatic.hr\/hu\/wp-json\/wp\/v2\/posts\/9306\/revisions\/9307"}],"wp:featuredmedia":[{"embeddable":true,"href":"https:\/\/blog.adriatic.hr\/hu\/wp-json\/wp\/v2\/media\/9236"}],"wp:attachment":[{"href":"https:\/\/blog.adriatic.hr\/hu\/wp-json\/wp\/v2\/media?parent=9306"}],"wp:term":[{"taxonomy":"category","embeddable":true,"href":"https:\/\/blog.adriatic.hr\/hu\/wp-json\/wp\/v2\/categories?post=9306"},{"taxonomy":"post_tag","embeddable":true,"href":"https:\/\/blog.adriatic.hr\/hu\/wp-json\/wp\/v2\/tags?post=9306"}],"curies":[{"name":"wp","href":"https:\/\/api.w.org\/{rel}","templated":true}]}}